{"id":4077,"date":"2026-04-29T13:44:28","date_gmt":"2026-04-29T13:44:28","guid":{"rendered":"https:\/\/hyclight.com\/?p=4077"},"modified":"2026-04-29T13:57:02","modified_gmt":"2026-04-29T13:57:02","slug":"onde-colocar-as-decoracoes-com-renas-num-expositor-de-natal-comercial","status":"publish","type":"post","link":"https:\/\/hyclight.com\/pt\/noticias\/noticias-da-empresa\/onde-colocar-as-decoracoes-com-renas-num-expositor-de-natal-comercial\/","title":{"rendered":"Onde devem ser colocadas as decora\u00e7\u00f5es de renas num expositor de Natal comercial?"},"content":{"rendered":"<div data-elementor-type=\"wp-post\" data-elementor-id=\"4077\" class=\"elementor elementor-4077\" data-elementor-post-type=\"post\">\n\t\t\t\t<div class=\"elementor-element elementor-element-c9d3140 e-flex e-con-boxed e-con e-parent\" data-id=\"c9d3140\" data-element_type=\"container\" data-e-type=\"container\">\n\t\t\t\t\t<div class=\"e-con-inner\">\n\t\t\t\t<div class=\"elementor-element elementor-element-c280670 elementor-widget elementor-widget-text-editor\" data-id=\"c280670\" data-element_type=\"widget\" data-e-type=\"widget\" data-widget_type=\"text-editor.default\">\n\t\t\t\t\t\t\t\t\t<p><span style=\"color: #000000;\">A maioria dos compradores n\u00e3o tem dificuldade em escolher decora\u00e7\u00f5es com renas.<\/span><\/p><p><span style=\"color: #000000;\">Eles debatem-se com algo mais simples.<\/span><\/p><p><span style=\"color: #000000;\"><strong>Para onde \u00e9 que eles v\u00e3o?<\/strong><\/span><\/p><p><span style=\"color: #000000;\">J\u00e1 vimos isto muitas vezes. Um cliente compra um conjunto de renas muito bonito. Boa ilumina\u00e7\u00e3o, bom tamanho, fica \u00f3timo nas fotografias.<\/span><\/p><p><span style=\"color: #000000;\">Depois chega ao local... e algo parece estranho.<\/span><\/p><p><span style=\"color: #000000;\">N\u00e3o porque o produto esteja errado. Porque a coloca\u00e7\u00e3o \u00e9 que est\u00e1.<\/span><\/p><figure id=\"attachment_4080\" aria-describedby=\"caption-attachment-4080\" style=\"width: 1408px\" class=\"wp-caption alignnone\"><img fetchpriority=\"high\" decoding=\"async\" class=\"size-full wp-image-4080\" src=\"https:\/\/hyclight.com\/wp-content\/uploads\/2026\/04\/mall-christmas-reindeer-foreground-photo-setup.webp.jpg\" alt=\"Decora\u00e7\u00f5es de renas colocadas em primeiro plano numa exposi\u00e7\u00e3o de \u00e1rvores de Natal de um centro comercial para intera\u00e7\u00e3o fotogr\u00e1fica\" width=\"1408\" height=\"768\" srcset=\"https:\/\/hyclight.com\/wp-content\/uploads\/2026\/04\/mall-christmas-reindeer-foreground-photo-setup.webp.jpg 1408w, https:\/\/hyclight.com\/wp-content\/uploads\/2026\/04\/mall-christmas-reindeer-foreground-photo-setup.webp-300x164.jpg 300w, https:\/\/hyclight.com\/wp-content\/uploads\/2026\/04\/mall-christmas-reindeer-foreground-photo-setup.webp-1024x559.jpg 1024w, https:\/\/hyclight.com\/wp-content\/uploads\/2026\/04\/mall-christmas-reindeer-foreground-photo-setup.webp-768x419.jpg 768w, https:\/\/hyclight.com\/wp-content\/uploads\/2026\/04\/mall-christmas-reindeer-foreground-photo-setup.webp-18x10.jpg 18w\" sizes=\"(max-width: 1408px) 100vw, 1408px\" \/><figcaption id=\"caption-attachment-4080\" class=\"wp-caption-text\"><\/span> <span style=\"color: #000000;\">Decora\u00e7\u00f5es de renas colocadas em frente a uma \u00e1rvore de Natal para criar um local natural para fotografias num centro comercial.<\/span><\/figcaption><\/figure><h2><span style=\"color: #000000;\">O erro mais comum: tratar as renas como \u201cdecora\u00e7\u00e3o de substitui\u00e7\u00e3o\u201d<\/span><\/h2><p><span style=\"color: #000000;\">Muitas pessoas colocam as renas da mesma forma que colocam as pequenas decora\u00e7\u00f5es.<\/span><\/p><ul><li><span style=\"color: #000000;\">mesmo ao lado da \u00e1rvore<\/span><\/li><li><span style=\"color: #000000;\">num s\u00edtio \u201cque ainda tenha espa\u00e7o\u201d<\/span><\/li><li><span style=\"color: #000000;\">ou simplesmente espalhe-os uniformemente<\/span><\/li><\/ul><p><span style=\"color: #000000;\">Parece razo\u00e1vel, mas \u00e9 normalmente a\u00ed que as coisas come\u00e7am a correr mal.<\/span><\/p><p><span style=\"color: #000000;\">As renas n\u00e3o s\u00e3o pe\u00e7as de fundo.<\/span><\/p><p><span style=\"color: #000000;\">N\u00e3o est\u00e3o l\u00e1 para \u201cpreencher espa\u00e7o\u201d.<\/span><\/p><p><span style=\"color: #000000;\"><strong>S\u00e3o um dos poucos elementos para os quais as pessoas v\u00e3o realmente caminhar.<\/strong><\/span><\/p><p><span style=\"color: #000000;\">Se a coloca\u00e7\u00e3o n\u00e3o der \u00e0s pessoas uma raz\u00e3o para se aproximarem, pararem e tirarem uma fotografia, o objetivo perde-se.<\/span><\/p><figure id=\"attachment_4081\" aria-describedby=\"caption-attachment-4081\" style=\"width: 1408px\" class=\"wp-caption alignnone\"><img decoding=\"async\" class=\"size-full wp-image-4081\" src=\"https:\/\/hyclight.com\/wp-content\/uploads\/2026\/04\/reindeer-sleigh-commercial-christmas-scene.webp.jpg\" alt=\"Arranjo de renas e tren\u00f3 num expositor comercial de Natal com espa\u00e7o para fotografias\" width=\"1408\" height=\"768\" srcset=\"https:\/\/hyclight.com\/wp-content\/uploads\/2026\/04\/reindeer-sleigh-commercial-christmas-scene.webp.jpg 1408w, https:\/\/hyclight.com\/wp-content\/uploads\/2026\/04\/reindeer-sleigh-commercial-christmas-scene.webp-300x164.jpg 300w, https:\/\/hyclight.com\/wp-content\/uploads\/2026\/04\/reindeer-sleigh-commercial-christmas-scene.webp-1024x559.jpg 1024w, https:\/\/hyclight.com\/wp-content\/uploads\/2026\/04\/reindeer-sleigh-commercial-christmas-scene.webp-768x419.jpg 768w, https:\/\/hyclight.com\/wp-content\/uploads\/2026\/04\/reindeer-sleigh-commercial-christmas-scene.webp-18x10.jpg 18w\" sizes=\"(max-width: 1408px) 100vw, 1408px\" \/><figcaption id=\"caption-attachment-4081\" class=\"wp-caption-text\"><\/span> <span style=\"color: #000000;\">Uma configura\u00e7\u00e3o cl\u00e1ssica de renas e tren\u00f3 utilizada para criar uma cena fotogr\u00e1fica de Natal completa.<\/span><\/figcaption><\/figure><p><span style=\"color: #000000;\">Se ainda estiver a explorar estilos diferentes, pode come\u00e7ar por ver <a style=\"color: #000000;\" href=\"https:\/\/hyclight.com\/pt\/produtos\/decoracoes-de-natal\/escultura-luminosa-de-rena-de-natal-para-exterior-para-exposicao-festiva\/\">esculturas luminosas de renas comerciais<\/a> para compreender como estes produtos s\u00e3o normalmente utilizados em projectos reais.<\/span><\/p><h2><span style=\"color: #000000;\">Nos centros comerciais: as renas n\u00e3o s\u00e3o uma decora\u00e7\u00e3o - s\u00e3o o local das fotografias<\/span><\/h2><p><span style=\"color: #000000;\">\u00c9 aqui que a maioria dos projectos ou funcionam... ou n\u00e3o funcionam.<\/span><\/p><p><span style=\"color: #000000;\">Num centro comercial, especialmente num \u00e1trio, as pessoas n\u00e3o se limitam a olhar. Entram, param e tiram fotografias.<\/span><\/p><p><span style=\"color: #000000;\">Portanto, a verdadeira quest\u00e3o n\u00e3o \u00e9:<\/span><\/p><p><span style=\"color: #000000;\">\u201cOnde \u00e9 que as renas devem ser colocadas?\u201d<\/span><\/p><p><span style=\"color: #000000;\">\u00c9:<\/span><\/p><p><span style=\"color: #000000;\"><strong>Qual ser\u00e1 a posi\u00e7\u00e3o das pessoas?<\/strong><\/span><\/p><p><span style=\"color: #000000;\">Porque \u00e9 exatamente para a\u00ed que as renas devem ir.<\/span><\/p><p><span style=\"color: #000000;\">Uma forma simples de pensar sobre o assunto:<\/span><\/p><ul><li><span style=\"color: #000000;\">A \u00e1rvore \u00e9 o fundo<\/span><\/li><li><span style=\"color: #000000;\">As renas est\u00e3o em primeiro plano<\/span><\/li><li><span style=\"color: #000000;\">O visitante fica entre<\/span><\/li><\/ul><p><span style=\"color: #000000;\">Se estiver a planear uma cena completa, \u00e9 \u00fatil ver como <a style=\"color: #000000;\" href=\"https:\/\/hyclight.com\/pt\/produtos\/arvore-de-natal\/arvores-de-natal-comerciais-personalizadas-para-centros-comerciais-parques-cidades-eventos-festivos\/\">\u00e1rvores de Natal comerciais para centros comerciais e espa\u00e7os p\u00fablicos<\/a> s\u00e3o normalmente combinados com elementos em primeiro plano.<\/span><\/p><p><span style=\"color: #000000;\">Se colocar as renas demasiado perto da \u00e1rvore, elas fundem-se visualmente com o fundo.<\/span><\/p><p><span style=\"color: #000000;\">Se os colocar demasiado longe, perdem a liga\u00e7\u00e3o \u00e0 cena.<\/span><\/p><figure id=\"attachment_4082\" aria-describedby=\"caption-attachment-4082\" style=\"width: 1408px\" class=\"wp-caption alignnone\"><img decoding=\"async\" class=\"size-full wp-image-4082\" src=\"https:\/\/hyclight.com\/wp-content\/uploads\/2026\/04\/park-reindeer-light-route-christmas-display.webp.jpg\" alt=\"Esculturas luminosas de renas colocadas ao longo de um caminho de parque como parte de um percurso de luzes de Natal\" width=\"1408\" height=\"768\" srcset=\"https:\/\/hyclight.com\/wp-content\/uploads\/2026\/04\/park-reindeer-light-route-christmas-display.webp.jpg 1408w, https:\/\/hyclight.com\/wp-content\/uploads\/2026\/04\/park-reindeer-light-route-christmas-display.webp-300x164.jpg 300w, https:\/\/hyclight.com\/wp-content\/uploads\/2026\/04\/park-reindeer-light-route-christmas-display.webp-1024x559.jpg 1024w, https:\/\/hyclight.com\/wp-content\/uploads\/2026\/04\/park-reindeer-light-route-christmas-display.webp-768x419.jpg 768w, https:\/\/hyclight.com\/wp-content\/uploads\/2026\/04\/park-reindeer-light-route-christmas-display.webp-18x10.jpg 18w\" sizes=\"(max-width: 1408px) 100vw, 1408px\" \/><figcaption id=\"caption-attachment-4082\" class=\"wp-caption-text\"><\/span> <span style=\"color: #000000;\">As decora\u00e7\u00f5es das renas s\u00e3o utilizadas como parte de um percurso pedestre e n\u00e3o como um ponto fotogr\u00e1fico fixo.<\/span><\/figcaption><\/figure><p><span style=\"color: #000000;\">E se as alinhar demasiado bem, come\u00e7a a parecer encenado da forma errada.<\/span><\/p><p><span style=\"color: #000000;\">Normalmente, uma configura\u00e7\u00e3o melhor parece um pouco mais natural:<\/span><\/p><ul><li><span style=\"color: #000000;\">ligeiramente descentrado<\/span><\/li><li><span style=\"color: #000000;\">com espa\u00e7o para as pessoas entrarem<\/span><\/li><li><span style=\"color: #000000;\">com um \u00e2ngulo fotogr\u00e1fico n\u00edtido<\/span><\/li><\/ul><p><span style=\"color: #000000;\">Aqui est\u00e1 um teste r\u00e1pido:<\/span><\/p><p><span style=\"color: #000000;\"><strong>Se algu\u00e9m se aproxima e n\u00e3o sabe imediatamente onde se colocar para tirar uma fotografia, a coloca\u00e7\u00e3o est\u00e1 provavelmente errada.<\/strong><\/span><\/p><h2><span style=\"color: #000000;\">Nos parques: as renas n\u00e3o precisam de \u201cesperar pelas fotografias\u201d<\/span><\/h2><p><span style=\"color: #000000;\">Os parques funcionam de forma diferente.<\/span><\/p><p><span style=\"color: #000000;\">As pessoas n\u00e3o v\u00eam para um s\u00edtio e ficam l\u00e1. Elas deslocam-se.<\/span><\/p><p><span style=\"color: #000000;\">Assim, as renas num parque nem sempre precisam de ser um ponto fixo para a fotografia.<\/span><\/p><p><span style=\"color: #000000;\">Em vez disso, podem tornar-se parte da viagem.<\/span><\/p><ul><li><span style=\"color: #000000;\">um grupo de renas ao longo de um caminho<\/span><\/li><li><span style=\"color: #000000;\">uma cena que aparece quando o visitante vira uma esquina<\/span><\/li><li><span style=\"color: #000000;\">um momento que incentiva as pessoas a fazerem uma breve pausa<\/span><\/li><\/ul><p><span style=\"color: #000000;\">Neste tipo de espa\u00e7o, as renas n\u00e3o precisam de um posicionamento perfeito.<\/span><\/p><p><span style=\"color: #000000;\">Eles s\u00f3 precisam de sentir que pertencem ao mesmo s\u00edtio.<\/span><\/p><p><span style=\"color: #000000;\">\u00c9 por isso que as instala\u00e7\u00f5es do parque combinam frequentemente as renas com outros elementos como <a style=\"color: #000000;\" href=\"https:\/\/hyclight.com\/pt\/produtos\/ornamentos-de-natal\/luzes-de-ornamento-de-bola-em-arco-para-decoracao-exterior\/\">arcos de luz de passagem<\/a> ou ilumina\u00e7\u00e3o decorativa do trajeto.<\/span><\/p><p><span style=\"color: #000000;\"><strong>Num centro comercial, as pessoas caminham em dire\u00e7\u00e3o \u00e0s renas.<\/strong><\/span><br \/><span style=\"color: #000000;\"><strong>Num parque, as pessoas descobrem-nos.<\/strong><\/span><\/p><h2><span style=\"color: #000000;\">Em pra\u00e7as e entradas: as renas ajudam a orientar a circula\u00e7\u00e3o<\/span><\/h2><p><span style=\"color: #000000;\">As pra\u00e7as da cidade e as entradas comerciais s\u00e3o novamente diferentes.<\/span><\/p><p><span style=\"color: #000000;\">Aqui, as renas podem efetivamente guiar as pessoas.<\/span><\/p><ul><li><span style=\"color: #000000;\">conduzem a uma entrada<\/span><\/li><li><span style=\"color: #000000;\">enquadrar uma \u00e1rvore principal<\/span><\/li><li><span style=\"color: #000000;\">ligar diferentes \u00e1reas de exposi\u00e7\u00e3o<\/span><\/li><\/ul><p><span style=\"color: #000000;\">Uma configura\u00e7\u00e3o cl\u00e1ssica:<\/span><\/p><ul><li><span style=\"color: #000000;\">rena + tren\u00f3<\/span><\/li><li><span style=\"color: #000000;\">colocado ligeiramente fora do centro<\/span><\/li><li><span style=\"color: #000000;\">alinhado com a dire\u00e7\u00e3o de marcha<\/span><\/li><\/ul><p><span style=\"color: #000000;\">Agora, a decora\u00e7\u00e3o n\u00e3o \u00e9 apenas visual - torna-se direcional.<\/span><\/p><p><span style=\"color: #000000;\">Em espa\u00e7os maiores, as renas tamb\u00e9m ajudam a dimensionar a cena. Uma \u00e1rvore sozinha pode parecer distante, mas a adi\u00e7\u00e3o de elementos em primeiro plano cria profundidade.<\/span><\/p><h2><span style=\"color: #000000;\">Uma forma simples de verificar se a sua coloca\u00e7\u00e3o funciona<\/span><\/h2><p><span style=\"color: #000000;\">N\u00e3o s\u00e3o necess\u00e1rias regras de conce\u00e7\u00e3o complicadas.<\/span><\/p><p><span style=\"color: #000000;\">Basta mudar de perspetiva.<\/span><\/p><p><span style=\"color: #000000;\">Coloque-se onde um visitante se colocaria e pergunte:<\/span><\/p><ul><li><span style=\"color: #000000;\">Onde \u00e9 que eu pararia?<\/span><\/li><li><span style=\"color: #000000;\">O que \u00e9 que est\u00e1 atr\u00e1s de mim se eu tirar uma fotografia?<\/span><\/li><li><span style=\"color: #000000;\">Isto parece uma cena completa?<\/span><\/li><\/ul><p><span style=\"color: #000000;\">Se parecer pouco claro, normalmente \u00e9 porque \u00e9.<\/span><\/p><h2><span style=\"color: #000000;\">Reflex\u00e3o final<\/span><\/h2><p><span style=\"color: #000000;\">As decora\u00e7\u00f5es com renas n\u00e3o s\u00e3o apenas algo que se acrescenta depois de a \u00e1rvore estar pronta.<\/span><\/p><p><span style=\"color: #000000;\">S\u00e3o muitas vezes o momento que faz com que as pessoas parem.<\/span><\/p><p><span style=\"color: #000000;\">Bem colocados, transformam um expositor num local de fotografia.<\/span><\/p><p><span style=\"color: #000000;\">Mal colocados, desaparecem.<\/span><\/p><p><span style=\"color: #000000;\"><strong>Por isso, n\u00e3o se limitem a perguntar \u201cPrecisamos de renas?\u201d.\u201d<\/strong><\/span><\/p><p><span style=\"color: #000000;\"><strong>Pergunte: onde \u00e9 que as pessoas se v\u00e3o relacionar com eles?<\/strong><\/span><\/p><h2><span style=\"color: #000000;\">Perguntas mais frequentes<\/span><\/h2><h3><span style=\"color: #000000;\">Onde devem ser colocadas as decora\u00e7\u00f5es de renas num centro comercial?<\/span><\/h3><p><span style=\"color: #000000;\">As renas devem ser colocadas em primeiro plano, onde os visitantes se colocam naturalmente para tirar fotografias, normalmente entre o observador e a \u00e1rvore de Natal. N\u00e3o devem estar demasiado pr\u00f3ximas da \u00e1rvore nem demasiado afastadas.<\/span><\/p><h3><span style=\"color: #000000;\">Quantas renas devem ser utilizadas numa exposi\u00e7\u00e3o comercial?<\/span><\/h3><p><span style=\"color: #000000;\">Depende do espa\u00e7o. Os centros comerciais precisam normalmente de um pequeno grupo para uma cena fotogr\u00e1fica, enquanto os parques e os espa\u00e7os exteriores podem utilizar grupos maiores para criar uma sensa\u00e7\u00e3o de movimento e contar hist\u00f3rias.<\/span><\/p><h3><span style=\"color: #000000;\">As decora\u00e7\u00f5es com renas ficam melhor no interior ou no exterior?<\/span><\/h3><p><span style=\"color: #000000;\">Funcionam em ambos, mas a l\u00f3gica de coloca\u00e7\u00e3o muda. As configura\u00e7\u00f5es interiores centram-se na intera\u00e7\u00e3o fotogr\u00e1fica, enquanto as configura\u00e7\u00f5es exteriores se centram mais na descoberta e no fluxo espacial.<\/span><\/p><h3><span style=\"color: #000000;\">As decora\u00e7\u00f5es com renas podem ser utilizadas sem uma \u00e1rvore de Natal?<\/span><\/h3><p><span style=\"color: #000000;\">Sim, especialmente em parques e pra\u00e7as. As renas podem funcionar como cen\u00e1rios aut\u00f3nomos ou ser combinadas com arcos, t\u00faneis de luz ou instala\u00e7\u00f5es tem\u00e1ticas.<\/span><\/p><p><script type=\"application\/ld+json\">{\n    \"@context\": \"https:\\\/\\\/schema.org\",\n    \"@type\": \"FAQPage\",\n    \"mainEntity\": [\n        {\n            \"@type\": \"Question\",\n            \"name\": \"Where should reindeer decorations be placed in a mall?\",\n            \"acceptedAnswer\": {\n                \"@type\": \"Answer\",\n                \"text\": \"Reindeer should be placed in the foreground where visitors naturally stand for photos, usually between the viewer and the Christmas tree.\"\n            }\n        },\n        {\n            \"@type\": \"Question\",\n            \"name\": \"How many reindeer should be used in a commercial display?\",\n            \"acceptedAnswer\": {\n                \"@type\": \"Answer\",\n                \"text\": \"Malls typically use smaller groups for photo scenes, while parks and outdoor areas can use larger groups to create movement and atmosphere.\"\n            }\n        },\n        {\n            \"@type\": \"Question\",\n            \"name\": \"Do reindeer decorations work better indoors or outdoors?\",\n            \"acceptedAnswer\": {\n                \"@type\": \"Answer\",\n                \"text\": \"Both, but indoor setups focus on photo interaction, while outdoor setups focus on discovery and flow.\"\n            }\n        },\n        {\n            \"@type\": \"Question\",\n            \"name\": \"Can reindeer decorations be used without a Christmas tree?\",\n            \"acceptedAnswer\": {\n                \"@type\": \"Answer\",\n                \"text\": \"Yes, especially in parks and plazas where reindeer can act as standalone scenes or part of larger installations.\"\n            }\n        }\n    ]\n}<\/script><\/p>\t\t\t\t\t\t\t\t<\/div>\n\t\t\t\t\t<\/div>\n\t\t\t\t<\/div>\n\t\t\t\t<\/div>","protected":false},"excerpt":{"rendered":"<p>As decora\u00e7\u00f5es com renas s\u00e3o muitas vezes tratadas como simples complementos, mas a sua coloca\u00e7\u00e3o \u00e9 o que as faz funcionar. Este artigo explica onde colocar as decora\u00e7\u00f5es de renas comerciais em centros comerciais, parques e pra\u00e7as, para que criem melhores momentos fotogr\u00e1ficos e exibi\u00e7\u00f5es gerais mais fortes.<\/p>","protected":false},"author":1,"featured_media":4083,"comment_status":"open","ping_status":"open","sticky":false,"template":"","format":"standard","meta":{"footnotes":""},"categories":[19],"tags":[],"class_list":["post-4077","post","type-post","status-publish","format-standard","has-post-thumbnail","hentry","category-company-news"],"yoast_head":"<!-- This site is optimized with the Yoast SEO Premium plugin v23.6 (Yoast SEO v27.4) - https:\/\/yoast.com\/product\/yoast-seo-premium-wordpress\/ -->\n<title>Where to Place Commercial Reindeer Decorations for Better Christmas Displays<\/title>\n<meta name=\"description\" content=\"Learn where to place commercial reindeer decorations in malls, parks, and plazas to create better photo spots, improve visitor flow, and build more engaging Christmas displays.\" \/>\n<meta name=\"robots\" content=\"index, follow, max-snippet:-1, max-image-preview:large, max-video-preview:-1\" \/>\n<link rel=\"canonical\" href=\"https:\/\/hyclight.com\/pt\/noticias\/noticias-da-empresa\/onde-colocar-as-decoracoes-com-renas-num-expositor-de-natal-comercial\/\" \/>\n<meta property=\"og:locale\" content=\"pt_PT\" \/>\n<meta property=\"og:type\" content=\"article\" \/>\n<meta property=\"og:title\" content=\"Where Should You Place Reindeer Decorations in a Commercial Christmas Display?\" \/>\n<meta property=\"og:description\" content=\"Learn where to place commercial reindeer decorations in malls, parks, and plazas to create better photo spots, improve visitor flow, and build more engaging Christmas displays.\" \/>\n<meta property=\"og:url\" content=\"https:\/\/hyclight.com\/pt\/noticias\/noticias-da-empresa\/onde-colocar-as-decoracoes-com-renas-num-expositor-de-natal-comercial\/\" \/>\n<meta property=\"og:site_name\" content=\"hyclight.com\" \/>\n<meta property=\"article:published_time\" content=\"2026-04-29T13:44:28+00:00\" \/>\n<meta property=\"article:modified_time\" content=\"2026-04-29T13:57:02+00:00\" \/>\n<meta property=\"og:image\" content=\"https:\/\/hyclight.com\/wp-content\/uploads\/2026\/04\/reindeer-sleigh-commercial-christmas-scene.webp-1.jpg\" \/>\n\t<meta property=\"og:image:width\" content=\"1408\" \/>\n\t<meta property=\"og:image:height\" content=\"768\" \/>\n\t<meta property=\"og:image:type\" content=\"image\/jpeg\" \/>\n<meta name=\"author\" content=\"qiny682@gmail.com\" \/>\n<meta name=\"twitter:card\" content=\"summary_large_image\" \/>\n<meta name=\"twitter:label1\" content=\"Escrito por\" \/>\n\t<meta name=\"twitter:data1\" content=\"qiny682@gmail.com\" \/>\n\t<meta name=\"twitter:label2\" content=\"Tempo estimado de leitura\" \/>\n\t<meta name=\"twitter:data2\" content=\"6 minutos\" \/>\n<script type=\"application\/ld+json\" class=\"yoast-schema-graph\">{\"@context\":\"https:\\\/\\\/schema.org\",\"@graph\":[{\"@type\":\"Article\",\"@id\":\"https:\\\/\\\/hyclight.com\\\/pt\\\/noticias\\\/noticias-da-empresa\\\/onde-colocar-as-decoracoes-com-renas-num-expositor-de-natal-comercial\\\/#article\",\"isPartOf\":{\"@id\":\"https:\\\/\\\/hyclight.com\\\/pt\\\/noticias\\\/noticias-da-empresa\\\/onde-colocar-as-decoracoes-com-renas-num-expositor-de-natal-comercial\\\/\"},\"author\":{\"name\":\"qiny682@gmail.com\",\"@id\":\"https:\\\/\\\/hyclight.com\\\/pt\\\/#\\\/schema\\\/person\\\/c4009a5d85048024fa3eeb0b987bdb6e\"},\"headline\":\"Where Should You Place Reindeer Decorations in a Commercial Christmas Display?\",\"datePublished\":\"2026-04-29T13:44:28+00:00\",\"dateModified\":\"2026-04-29T13:57:02+00:00\",\"mainEntityOfPage\":{\"@id\":\"https:\\\/\\\/hyclight.com\\\/pt\\\/noticias\\\/noticias-da-empresa\\\/onde-colocar-as-decoracoes-com-renas-num-expositor-de-natal-comercial\\\/\"},\"wordCount\":934,\"commentCount\":0,\"publisher\":{\"@id\":\"https:\\\/\\\/hyclight.com\\\/pt\\\/#organization\"},\"image\":{\"@id\":\"https:\\\/\\\/hyclight.com\\\/pt\\\/noticias\\\/noticias-da-empresa\\\/onde-colocar-as-decoracoes-com-renas-num-expositor-de-natal-comercial\\\/#primaryimage\"},\"thumbnailUrl\":\"https:\\\/\\\/hyclight.com\\\/wp-content\\\/uploads\\\/2026\\\/04\\\/reindeer-sleigh-commercial-christmas-scene.webp-1.jpg\",\"articleSection\":[\"Company News\"],\"inLanguage\":\"pt-PT\",\"potentialAction\":[{\"@type\":\"CommentAction\",\"name\":\"Comment\",\"target\":[\"https:\\\/\\\/hyclight.com\\\/pt\\\/noticias\\\/noticias-da-empresa\\\/onde-colocar-as-decoracoes-com-renas-num-expositor-de-natal-comercial\\\/#respond\"]}]},{\"@type\":\"WebPage\",\"@id\":\"https:\\\/\\\/hyclight.com\\\/pt\\\/noticias\\\/noticias-da-empresa\\\/onde-colocar-as-decoracoes-com-renas-num-expositor-de-natal-comercial\\\/\",\"url\":\"https:\\\/\\\/hyclight.com\\\/pt\\\/noticias\\\/noticias-da-empresa\\\/onde-colocar-as-decoracoes-com-renas-num-expositor-de-natal-comercial\\\/\",\"name\":\"Where to Place Commercial Reindeer Decorations for Better Christmas Displays\",\"isPartOf\":{\"@id\":\"https:\\\/\\\/hyclight.com\\\/pt\\\/#website\"},\"primaryImageOfPage\":{\"@id\":\"https:\\\/\\\/hyclight.com\\\/pt\\\/noticias\\\/noticias-da-empresa\\\/onde-colocar-as-decoracoes-com-renas-num-expositor-de-natal-comercial\\\/#primaryimage\"},\"image\":{\"@id\":\"https:\\\/\\\/hyclight.com\\\/pt\\\/noticias\\\/noticias-da-empresa\\\/onde-colocar-as-decoracoes-com-renas-num-expositor-de-natal-comercial\\\/#primaryimage\"},\"thumbnailUrl\":\"https:\\\/\\\/hyclight.com\\\/wp-content\\\/uploads\\\/2026\\\/04\\\/reindeer-sleigh-commercial-christmas-scene.webp-1.jpg\",\"datePublished\":\"2026-04-29T13:44:28+00:00\",\"dateModified\":\"2026-04-29T13:57:02+00:00\",\"description\":\"Learn where to place commercial reindeer decorations in malls, parks, and plazas to create better photo spots, improve visitor flow, and build more engaging Christmas displays.\",\"breadcrumb\":{\"@id\":\"https:\\\/\\\/hyclight.com\\\/pt\\\/noticias\\\/noticias-da-empresa\\\/onde-colocar-as-decoracoes-com-renas-num-expositor-de-natal-comercial\\\/#breadcrumb\"},\"inLanguage\":\"pt-PT\",\"potentialAction\":[{\"@type\":\"ReadAction\",\"target\":[\"https:\\\/\\\/hyclight.com\\\/pt\\\/noticias\\\/noticias-da-empresa\\\/onde-colocar-as-decoracoes-com-renas-num-expositor-de-natal-comercial\\\/\"]}]},{\"@type\":\"ImageObject\",\"inLanguage\":\"pt-PT\",\"@id\":\"https:\\\/\\\/hyclight.com\\\/pt\\\/noticias\\\/noticias-da-empresa\\\/onde-colocar-as-decoracoes-com-renas-num-expositor-de-natal-comercial\\\/#primaryimage\",\"url\":\"https:\\\/\\\/hyclight.com\\\/wp-content\\\/uploads\\\/2026\\\/04\\\/reindeer-sleigh-commercial-christmas-scene.webp-1.jpg\",\"contentUrl\":\"https:\\\/\\\/hyclight.com\\\/wp-content\\\/uploads\\\/2026\\\/04\\\/reindeer-sleigh-commercial-christmas-scene.webp-1.jpg\",\"width\":1408,\"height\":768,\"caption\":\"A classic reindeer and sleigh setup used to create a complete Christmas photo scene.\"},{\"@type\":\"BreadcrumbList\",\"@id\":\"https:\\\/\\\/hyclight.com\\\/pt\\\/noticias\\\/noticias-da-empresa\\\/onde-colocar-as-decoracoes-com-renas-num-expositor-de-natal-comercial\\\/#breadcrumb\",\"itemListElement\":[{\"@type\":\"ListItem\",\"position\":1,\"name\":\"Home\",\"item\":\"https:\\\/\\\/hyclight.com\\\/\"},{\"@type\":\"ListItem\",\"position\":2,\"name\":\"News\",\"item\":\"https:\\\/\\\/hyclight.com\\\/en\\\/category\\\/news\\\/\"},{\"@type\":\"ListItem\",\"position\":3,\"name\":\"Company News\",\"item\":\"https:\\\/\\\/hyclight.com\\\/en\\\/category\\\/news\\\/company-news\\\/\"},{\"@type\":\"ListItem\",\"position\":4,\"name\":\"Where Should You Place Reindeer Decorations in a Commercial Christmas Display?\"}]},{\"@type\":\"WebSite\",\"@id\":\"https:\\\/\\\/hyclight.com\\\/pt\\\/#website\",\"url\":\"https:\\\/\\\/hyclight.com\\\/pt\\\/\",\"name\":\"hyclight.com\",\"description\":\"\",\"publisher\":{\"@id\":\"https:\\\/\\\/hyclight.com\\\/pt\\\/#organization\"},\"potentialAction\":[{\"@type\":\"SearchAction\",\"target\":{\"@type\":\"EntryPoint\",\"urlTemplate\":\"https:\\\/\\\/hyclight.com\\\/pt\\\/?s={search_term_string}\"},\"query-input\":{\"@type\":\"PropertyValueSpecification\",\"valueRequired\":true,\"valueName\":\"search_term_string\"}}],\"inLanguage\":\"pt-PT\"},{\"@type\":\"Organization\",\"@id\":\"https:\\\/\\\/hyclight.com\\\/pt\\\/#organization\",\"name\":\"hyclight.com\",\"url\":\"https:\\\/\\\/hyclight.com\\\/pt\\\/\",\"logo\":{\"@type\":\"ImageObject\",\"inLanguage\":\"pt-PT\",\"@id\":\"https:\\\/\\\/hyclight.com\\\/pt\\\/#\\\/schema\\\/logo\\\/image\\\/\",\"url\":\"https:\\\/\\\/hyclight.com\\\/wp-content\\\/uploads\\\/2025\\\/12\\\/logo.webp\",\"contentUrl\":\"https:\\\/\\\/hyclight.com\\\/wp-content\\\/uploads\\\/2025\\\/12\\\/logo.webp\",\"width\":168,\"height\":168,\"caption\":\"hyclight.com\"},\"image\":{\"@id\":\"https:\\\/\\\/hyclight.com\\\/pt\\\/#\\\/schema\\\/logo\\\/image\\\/\"}},{\"@type\":\"Person\",\"@id\":\"https:\\\/\\\/hyclight.com\\\/pt\\\/#\\\/schema\\\/person\\\/c4009a5d85048024fa3eeb0b987bdb6e\",\"name\":\"qiny682@gmail.com\",\"sameAs\":[\"https:\\\/\\\/hyclight.com\"],\"url\":\"https:\\\/\\\/hyclight.com\\\/pt\\\/author\\\/qiny682gmail-com\\\/\"}]}<\/script>\n<!-- \/ Yoast SEO Premium plugin. -->","yoast_head_json":{"title":"Onde colocar as decora\u00e7\u00f5es de renas comerciais para uma melhor apresenta\u00e7\u00e3o de Natal","description":"Saiba onde colocar as decora\u00e7\u00f5es comerciais de renas em centros comerciais, parques e pra\u00e7as para criar melhores locais para tirar fotografias, melhorar o fluxo de visitantes e criar expositores de Natal mais atractivos.","robots":{"index":"index","follow":"follow","max-snippet":"max-snippet:-1","max-image-preview":"max-image-preview:large","max-video-preview":"max-video-preview:-1"},"canonical":"https:\/\/hyclight.com\/pt\/noticias\/noticias-da-empresa\/onde-colocar-as-decoracoes-com-renas-num-expositor-de-natal-comercial\/","og_locale":"pt_PT","og_type":"article","og_title":"Where Should You Place Reindeer Decorations in a Commercial Christmas Display?","og_description":"Learn where to place commercial reindeer decorations in malls, parks, and plazas to create better photo spots, improve visitor flow, and build more engaging Christmas displays.","og_url":"https:\/\/hyclight.com\/pt\/noticias\/noticias-da-empresa\/onde-colocar-as-decoracoes-com-renas-num-expositor-de-natal-comercial\/","og_site_name":"hyclight.com","article_published_time":"2026-04-29T13:44:28+00:00","article_modified_time":"2026-04-29T13:57:02+00:00","og_image":[{"width":1408,"height":768,"url":"https:\/\/hyclight.com\/wp-content\/uploads\/2026\/04\/reindeer-sleigh-commercial-christmas-scene.webp-1.jpg","type":"image\/jpeg"}],"author":"qiny682@gmail.com","twitter_card":"summary_large_image","twitter_misc":{"Escrito por":"qiny682@gmail.com","Tempo estimado de leitura":"6 minutos"},"schema":{"@context":"https:\/\/schema.org","@graph":[{"@type":"Article","@id":"https:\/\/hyclight.com\/pt\/noticias\/noticias-da-empresa\/onde-colocar-as-decoracoes-com-renas-num-expositor-de-natal-comercial\/#article","isPartOf":{"@id":"https:\/\/hyclight.com\/pt\/noticias\/noticias-da-empresa\/onde-colocar-as-decoracoes-com-renas-num-expositor-de-natal-comercial\/"},"author":{"name":"qiny682@gmail.com","@id":"https:\/\/hyclight.com\/pt\/#\/schema\/person\/c4009a5d85048024fa3eeb0b987bdb6e"},"headline":"Where Should You Place Reindeer Decorations in a Commercial Christmas Display?","datePublished":"2026-04-29T13:44:28+00:00","dateModified":"2026-04-29T13:57:02+00:00","mainEntityOfPage":{"@id":"https:\/\/hyclight.com\/pt\/noticias\/noticias-da-empresa\/onde-colocar-as-decoracoes-com-renas-num-expositor-de-natal-comercial\/"},"wordCount":934,"commentCount":0,"publisher":{"@id":"https:\/\/hyclight.com\/pt\/#organization"},"image":{"@id":"https:\/\/hyclight.com\/pt\/noticias\/noticias-da-empresa\/onde-colocar-as-decoracoes-com-renas-num-expositor-de-natal-comercial\/#primaryimage"},"thumbnailUrl":"https:\/\/hyclight.com\/wp-content\/uploads\/2026\/04\/reindeer-sleigh-commercial-christmas-scene.webp-1.jpg","articleSection":["Company News"],"inLanguage":"pt-PT","potentialAction":[{"@type":"CommentAction","name":"Comment","target":["https:\/\/hyclight.com\/pt\/noticias\/noticias-da-empresa\/onde-colocar-as-decoracoes-com-renas-num-expositor-de-natal-comercial\/#respond"]}]},{"@type":"WebPage","@id":"https:\/\/hyclight.com\/pt\/noticias\/noticias-da-empresa\/onde-colocar-as-decoracoes-com-renas-num-expositor-de-natal-comercial\/","url":"https:\/\/hyclight.com\/pt\/noticias\/noticias-da-empresa\/onde-colocar-as-decoracoes-com-renas-num-expositor-de-natal-comercial\/","name":"Onde colocar as decora\u00e7\u00f5es de renas comerciais para uma melhor apresenta\u00e7\u00e3o de Natal","isPartOf":{"@id":"https:\/\/hyclight.com\/pt\/#website"},"primaryImageOfPage":{"@id":"https:\/\/hyclight.com\/pt\/noticias\/noticias-da-empresa\/onde-colocar-as-decoracoes-com-renas-num-expositor-de-natal-comercial\/#primaryimage"},"image":{"@id":"https:\/\/hyclight.com\/pt\/noticias\/noticias-da-empresa\/onde-colocar-as-decoracoes-com-renas-num-expositor-de-natal-comercial\/#primaryimage"},"thumbnailUrl":"https:\/\/hyclight.com\/wp-content\/uploads\/2026\/04\/reindeer-sleigh-commercial-christmas-scene.webp-1.jpg","datePublished":"2026-04-29T13:44:28+00:00","dateModified":"2026-04-29T13:57:02+00:00","description":"Saiba onde colocar as decora\u00e7\u00f5es comerciais de renas em centros comerciais, parques e pra\u00e7as para criar melhores locais para tirar fotografias, melhorar o fluxo de visitantes e criar expositores de Natal mais atractivos.","breadcrumb":{"@id":"https:\/\/hyclight.com\/pt\/noticias\/noticias-da-empresa\/onde-colocar-as-decoracoes-com-renas-num-expositor-de-natal-comercial\/#breadcrumb"},"inLanguage":"pt-PT","potentialAction":[{"@type":"ReadAction","target":["https:\/\/hyclight.com\/pt\/noticias\/noticias-da-empresa\/onde-colocar-as-decoracoes-com-renas-num-expositor-de-natal-comercial\/"]}]},{"@type":"ImageObject","inLanguage":"pt-PT","@id":"https:\/\/hyclight.com\/pt\/noticias\/noticias-da-empresa\/onde-colocar-as-decoracoes-com-renas-num-expositor-de-natal-comercial\/#primaryimage","url":"https:\/\/hyclight.com\/wp-content\/uploads\/2026\/04\/reindeer-sleigh-commercial-christmas-scene.webp-1.jpg","contentUrl":"https:\/\/hyclight.com\/wp-content\/uploads\/2026\/04\/reindeer-sleigh-commercial-christmas-scene.webp-1.jpg","width":1408,"height":768,"caption":"A classic reindeer and sleigh setup used to create a complete Christmas photo scene."},{"@type":"BreadcrumbList","@id":"https:\/\/hyclight.com\/pt\/noticias\/noticias-da-empresa\/onde-colocar-as-decoracoes-com-renas-num-expositor-de-natal-comercial\/#breadcrumb","itemListElement":[{"@type":"ListItem","position":1,"name":"Home","item":"https:\/\/hyclight.com\/"},{"@type":"ListItem","position":2,"name":"News","item":"https:\/\/hyclight.com\/en\/category\/news\/"},{"@type":"ListItem","position":3,"name":"Company News","item":"https:\/\/hyclight.com\/en\/category\/news\/company-news\/"},{"@type":"ListItem","position":4,"name":"Where Should You Place Reindeer Decorations in a Commercial Christmas Display?"}]},{"@type":"WebSite","@id":"https:\/\/hyclight.com\/pt\/#website","url":"https:\/\/hyclight.com\/pt\/","name":"hyclight.com","description":"","publisher":{"@id":"https:\/\/hyclight.com\/pt\/#organization"},"potentialAction":[{"@type":"SearchAction","target":{"@type":"EntryPoint","urlTemplate":"https:\/\/hyclight.com\/pt\/?s={search_term_string}"},"query-input":{"@type":"PropertyValueSpecification","valueRequired":true,"valueName":"search_term_string"}}],"inLanguage":"pt-PT"},{"@type":"Organization","@id":"https:\/\/hyclight.com\/pt\/#organization","name":"hyclight.com","url":"https:\/\/hyclight.com\/pt\/","logo":{"@type":"ImageObject","inLanguage":"pt-PT","@id":"https:\/\/hyclight.com\/pt\/#\/schema\/logo\/image\/","url":"https:\/\/hyclight.com\/wp-content\/uploads\/2025\/12\/logo.webp","contentUrl":"https:\/\/hyclight.com\/wp-content\/uploads\/2025\/12\/logo.webp","width":168,"height":168,"caption":"hyclight.com"},"image":{"@id":"https:\/\/hyclight.com\/pt\/#\/schema\/logo\/image\/"}},{"@type":"Person","@id":"https:\/\/hyclight.com\/pt\/#\/schema\/person\/c4009a5d85048024fa3eeb0b987bdb6e","name":"qiny682@gmail.com","sameAs":["https:\/\/hyclight.com"],"url":"https:\/\/hyclight.com\/pt\/author\/qiny682gmail-com\/"}]}},"_links":{"self":[{"href":"https:\/\/hyclight.com\/pt\/wp-json\/wp\/v2\/posts\/4077","targetHints":{"allow":["GET"]}}],"collection":[{"href":"https:\/\/hyclight.com\/pt\/wp-json\/wp\/v2\/posts"}],"about":[{"href":"https:\/\/hyclight.com\/pt\/wp-json\/wp\/v2\/types\/post"}],"author":[{"embeddable":true,"href":"https:\/\/hyclight.com\/pt\/wp-json\/wp\/v2\/users\/1"}],"replies":[{"embeddable":true,"href":"https:\/\/hyclight.com\/pt\/wp-json\/wp\/v2\/comments?post=4077"}],"version-history":[{"count":4,"href":"https:\/\/hyclight.com\/pt\/wp-json\/wp\/v2\/posts\/4077\/revisions"}],"predecessor-version":[{"id":4086,"href":"https:\/\/hyclight.com\/pt\/wp-json\/wp\/v2\/posts\/4077\/revisions\/4086"}],"wp:featuredmedia":[{"embeddable":true,"href":"https:\/\/hyclight.com\/pt\/wp-json\/wp\/v2\/media\/4083"}],"wp:attachment":[{"href":"https:\/\/hyclight.com\/pt\/wp-json\/wp\/v2\/media?parent=4077"}],"wp:term":[{"taxonomy":"category","embeddable":true,"href":"https:\/\/hyclight.com\/pt\/wp-json\/wp\/v2\/categories?post=4077"},{"taxonomy":"post_tag","embeddable":true,"href":"https:\/\/hyclight.com\/pt\/wp-json\/wp\/v2\/tags?post=4077"}],"curies":[{"name":"wp","href":"https:\/\/api.w.org\/{rel}","templated":true}]}}